{"id":996,"date":"2021-10-07T10:27:57","date_gmt":"2021-10-07T09:27:57","guid":{"rendered":"http:\/\/www.trofacanal.pt\/wphome\/?p=996"},"modified":"2021-10-07T10:27:57","modified_gmt":"2021-10-07T09:27:57","slug":"projeto-da-praca-do-municipio-e-zona-envolvente-aos-pacos-do-concelho","status":"publish","type":"post","link":"https:\/\/www.trofacanal.pt\/wphome\/2021\/10\/projeto-da-praca-do-municipio-e-zona-envolvente-aos-pacos-do-concelho","title":{"rendered":"Projeto da Pra\u00e7a do Munic\u00edpio e zona envolvente aos Pa\u00e7os do Concelho"},"content":{"rendered":"\n<figure class=\"wp-block-video\"><video controls src=\"https:\/\/www.trofacanal.pt\/wphome\/wp-content\/uploads\/2021\/10\/PRACA-MUNICIPIO_ARQ-JCP_FINAL.mp4\"><\/video><\/figure>\n","protected":false},"excerpt":{"rendered":"","protected":false},"author":1,"featured_media":998,"comment_status":"closed","ping_status":"closed","sticky":false,"template":"","format":"standard","meta":[],"categories":[5,12],"tags":[],"_links":{"self":[{"href":"https:\/\/www.trofacanal.pt\/wphome\/wp-json\/wp\/v2\/posts\/996"}],"collection":[{"href":"https:\/\/www.trofacanal.pt\/wphome\/wp-json\/wp\/v2\/posts"}],"about":[{"href":"https:\/\/www.trofacanal.pt\/wphome\/wp-json\/wp\/v2\/types\/post"}],"author":[{"embeddable":true,"href":"https:\/\/www.trofacanal.pt\/wphome\/wp-json\/wp\/v2\/users\/1"}],"replies":[{"embeddable":true,"href":"https:\/\/www.trofacanal.pt\/wphome\/wp-json\/wp\/v2\/comments?post=996"}],"version-history":[{"count":1,"href":"https:\/\/www.trofacanal.pt\/wphome\/wp-json\/wp\/v2\/posts\/996\/revisions"}],"predecessor-version":[{"id":999,"href":"https:\/\/www.trofacanal.pt\/wphome\/wp-json\/wp\/v2\/posts\/996\/revisions\/999"}],"wp:featuredmedia":[{"embeddable":true,"href":"https:\/\/www.trofacanal.pt\/wphome\/wp-json\/wp\/v2\/media\/998"}],"wp:attachment":[{"href":"https:\/\/www.trofacanal.pt\/wphome\/wp-json\/wp\/v2\/media?parent=996"}],"wp:term":[{"taxonomy":"category","embeddable":true,"href":"https:\/\/www.trofacanal.pt\/wphome\/wp-json\/wp\/v2\/categories?post=996"},{"taxonomy":"post_tag","embeddable":true,"href":"https:\/\/www.trofacanal.pt\/wphome\/wp-json\/wp\/v2\/tags?post=996"}],"curies":[{"name":"wp","href":"https:\/\/api.w.org\/{rel}","templated":true}]}}