{"id":886,"date":"2021-05-12T10:46:05","date_gmt":"2021-05-12T09:46:05","guid":{"rendered":"https:\/\/www.trofacanal.pt\/wphome\/2021\/05\/sessao-solene-comemorativa-do-25-de-abril-trofa-2021"},"modified":"2021-05-12T10:46:05","modified_gmt":"2021-05-12T09:46:05","slug":"sessao-solene-comemorativa-do-25-de-abril-trofa-2021","status":"publish","type":"post","link":"https:\/\/www.trofacanal.pt\/wphome\/2021\/05\/sessao-solene-comemorativa-do-25-de-abril-trofa-2021","title":{"rendered":"Sess\u00e3o Solene Comemorativa do 25 de abril &#8211; Trofa 2021"},"content":{"rendered":"<p> <iframe  width=\"870\" height=\"475\" src=\"https:\/\/www.youtube.com\/embed\/0mbVqCp8np4\" frameborder=\"0\" allowfullscreen><\/iframe> <\/p>\n<p>A Assembleia Municipal da Trofa assinalou o 47\u00ba Anivers\u00e1rio do 25 de abril em Sess\u00e3o Solene Comemorativa. Face \u00e0 excecional situa\u00e7\u00e3o de pandemia, a cerim\u00f3nia foi realizada em formato misto, presencial (no F\u00f3rum Trofa XXI) e \u00e0 dist\u00e2ncia, tendo sido transmitida em direto no Facebook da C\u00e2mara Municipal da Trofa.<br \/>\nNa cerim\u00f3nia estiveram presentes os membros da Mesa da Assembleia Municipal da Trofa, os l\u00edderes da Assembleia Municipal, o Presidente da C\u00e2mara Municipal, S\u00e9rgio Humberto, o Vereador da Prote\u00e7\u00e3o Civil, S\u00e9rgio Ara\u00fajo e a Vereadora da A\u00e7\u00e3o Social, Lina Ramos. A Orquestra Ligeira da Trofa tamb\u00e9m participou, apenas com alguns elementos.<\/p>\n<p>Segue a nossa atividade em:<br \/>\nSite Institucional: https:\/\/mun-trofa.pt\/\u200b<br \/>\nFacebook: https:\/\/www.facebook.com\/cmtrofa\u200b<br \/>\nInstagram: https:\/\/www.instagram.com\/municipioda\u200b&#8230;<br \/>\nTwitter: https:\/\/twitter.com\/municipiotrofa\u200b<br \/>\nTrofa Canal: https:\/\/www.trofacanal.pt\/wphome\/<\/p>\n<p>#Trofa #municipiodatrofa #25deabril #sess\u00e3osolene<\/p>\n","protected":false},"excerpt":{"rendered":"<p>A Assembleia Municipal da Trofa assinalou o 47\u00ba Anivers\u00e1rio do 25 de abril em Sess\u00e3o Solene Comemorativa. Face \u00e0 excecional situa\u00e7\u00e3o de pandemia, a cerim\u00f3nia foi realizada em formato misto, presencial (no F\u00f3rum Trofa XXI) e \u00e0 dist\u00e2ncia, tendo sido transmitida em direto no Facebook da C\u00e2mara Municipal da Trofa. Na cerim\u00f3nia estiveram presentes os [&hellip;]<\/p>\n","protected":false},"author":1,"featured_media":887,"comment_status":"closed","ping_status":"closed","sticky":false,"template":"","format":"standard","meta":[],"categories":[4],"tags":[],"_links":{"self":[{"href":"https:\/\/www.trofacanal.pt\/wphome\/wp-json\/wp\/v2\/posts\/886"}],"collection":[{"href":"https:\/\/www.trofacanal.pt\/wphome\/wp-json\/wp\/v2\/posts"}],"about":[{"href":"https:\/\/www.trofacanal.pt\/wphome\/wp-json\/wp\/v2\/types\/post"}],"author":[{"embeddable":true,"href":"https:\/\/www.trofacanal.pt\/wphome\/wp-json\/wp\/v2\/users\/1"}],"replies":[{"embeddable":true,"href":"https:\/\/www.trofacanal.pt\/wphome\/wp-json\/wp\/v2\/comments?post=886"}],"version-history":[{"count":0,"href":"https:\/\/www.trofacanal.pt\/wphome\/wp-json\/wp\/v2\/posts\/886\/revisions"}],"wp:featuredmedia":[{"embeddable":true,"href":"https:\/\/www.trofacanal.pt\/wphome\/wp-json\/wp\/v2\/media\/887"}],"wp:attachment":[{"href":"https:\/\/www.trofacanal.pt\/wphome\/wp-json\/wp\/v2\/media?parent=886"}],"wp:term":[{"taxonomy":"category","embeddable":true,"href":"https:\/\/www.trofacanal.pt\/wphome\/wp-json\/wp\/v2\/categories?post=886"},{"taxonomy":"post_tag","embeddable":true,"href":"https:\/\/www.trofacanal.pt\/wphome\/wp-json\/wp\/v2\/tags?post=886"}],"curies":[{"name":"wp","href":"https:\/\/api.w.org\/{rel}","templated":true}]}}