{"id":833,"date":"2021-02-12T12:15:51","date_gmt":"2021-02-12T12:15:51","guid":{"rendered":"http:\/\/www.trofacanal.pt\/wphome\/?p=833"},"modified":"2021-03-09T12:22:52","modified_gmt":"2021-03-09T12:22:52","slug":"centro-de-vacinacao-covid-19-na-trofa-comunicado-presidente-da-camara-municipal-sergio-humberto","status":"publish","type":"post","link":"https:\/\/www.trofacanal.pt\/wphome\/2021\/02\/centro-de-vacinacao-covid-19-na-trofa-comunicado-presidente-da-camara-municipal-sergio-humberto","title":{"rendered":"Centro de Vacina\u00e7\u00e3o COVID-19 na Trofa &#8211; Comunicado Presidente da C\u00e2mara Municipal &#8211; S\u00e9rgio Humberto"},"content":{"rendered":"\n<figure class=\"wp-block-video\"><video controls src=\"https:\/\/www.trofacanal.pt\/wphome\/wp-content\/uploads\/2021\/03\/52_comunicado_presidente_centro_vacinacao_trofa.mp4\"><\/video><\/figure>\n","protected":false},"excerpt":{"rendered":"","protected":false},"author":4,"featured_media":837,"comment_status":"closed","ping_status":"closed","sticky":false,"template":"","format":"video","meta":[],"categories":[5,8,4],"tags":[],"_links":{"self":[{"href":"https:\/\/www.trofacanal.pt\/wphome\/wp-json\/wp\/v2\/posts\/833"}],"collection":[{"href":"https:\/\/www.trofacanal.pt\/wphome\/wp-json\/wp\/v2\/posts"}],"about":[{"href":"https:\/\/www.trofacanal.pt\/wphome\/wp-json\/wp\/v2\/types\/post"}],"author":[{"embeddable":true,"href":"https:\/\/www.trofacanal.pt\/wphome\/wp-json\/wp\/v2\/users\/4"}],"replies":[{"embeddable":true,"href":"https:\/\/www.trofacanal.pt\/wphome\/wp-json\/wp\/v2\/comments?post=833"}],"version-history":[{"count":2,"href":"https:\/\/www.trofacanal.pt\/wphome\/wp-json\/wp\/v2\/posts\/833\/revisions"}],"predecessor-version":[{"id":838,"href":"https:\/\/www.trofacanal.pt\/wphome\/wp-json\/wp\/v2\/posts\/833\/revisions\/838"}],"wp:featuredmedia":[{"embeddable":true,"href":"https:\/\/www.trofacanal.pt\/wphome\/wp-json\/wp\/v2\/media\/837"}],"wp:attachment":[{"href":"https:\/\/www.trofacanal.pt\/wphome\/wp-json\/wp\/v2\/media?parent=833"}],"wp:term":[{"taxonomy":"category","embeddable":true,"href":"https:\/\/www.trofacanal.pt\/wphome\/wp-json\/wp\/v2\/categories?post=833"},{"taxonomy":"post_tag","embeddable":true,"href":"https:\/\/www.trofacanal.pt\/wphome\/wp-json\/wp\/v2\/tags?post=833"}],"curies":[{"name":"wp","href":"https:\/\/api.w.org\/{rel}","templated":true}]}}