{"id":1173,"date":"2025-07-18T07:20:48","date_gmt":"2025-07-18T06:20:48","guid":{"rendered":"https:\/\/www.trofacanal.pt\/wphome\/2025\/07\/casa-do-conhecimento-da-trofa-inovacao-e-impacto-motores-da-missao-no-terceiro-setor"},"modified":"2026-01-05T17:00:19","modified_gmt":"2026-01-05T17:00:19","slug":"casa-do-conhecimento-da-trofa-inovacao-e-impacto-motores-da-missao-no-terceiro-setor","status":"publish","type":"post","link":"https:\/\/www.trofacanal.pt\/wphome\/2025\/07\/casa-do-conhecimento-da-trofa-inovacao-e-impacto-motores-da-missao-no-terceiro-setor","title":{"rendered":"Casa do Conhecimento da Trofa &#8211; Inova\u00e7\u00e3o e Impacto: motores da miss\u00e3o no terceiro setor\u201d"},"content":{"rendered":"<p> <iframe  width=\"870\" height=\"475\" src=\"https:\/\/www.youtube.com\/embed\/rz0phAF3RlA\" frameborder=\"0\" allowfullscreen><\/iframe> <\/p>\n<p>Casa do Conhecimento da Trofa  &#8211; \u201c2.\u00ba Encontro Tem\u00e1tico do Observat\u00f3rio \u2013 Inova\u00e7\u00e3o e Impacto: motores da miss\u00e3o no terceiro setor\u201d.<\/p>\n<p> A iniciativa pretende incentivar a reflex\u00e3o sobre o papel da inova\u00e7\u00e3o social e da avalia\u00e7\u00e3o de impacto na sustentabilidade e transforma\u00e7\u00e3o das Institui\u00e7\u00f5es Particulares de Solidariedade Social (IPSS).<\/p>\n<p>O encontro contar\u00e1 com as interven\u00e7\u00f5es da Dra. Ana Feij\u00f3, da Funda\u00e7\u00e3o BPI La Caixa, e da Dra. Liliana Ribeiro, da IRIS Social, que ir\u00e3o partilhar experi\u00eancias e boas pr\u00e1ticas no \u00e2mbito da inova\u00e7\u00e3o no terceiro setor.<\/p>\n<p> Esta sess\u00e3o integra-se na opera\u00e7\u00e3o n.\u00ba 2578 \u2013 Observat\u00f3rio de Pr\u00e1ticas de Inova\u00e7\u00e3o Social, da Unidade T\u00e9cnica Local Interior &#8211; Norte, e refor\u00e7a o compromisso da Casa do Conhecimento em fomentar o debate e a partilha de conhecimento para o desenvolvimento social e comunit\u00e1rio.<\/p>\n","protected":false},"excerpt":{"rendered":"<p>Casa do Conhecimento da Trofa &#8211; \u201c2.\u00ba Encontro Tem\u00e1tico do Observat\u00f3rio \u2013 Inova\u00e7\u00e3o e Impacto: motores da miss\u00e3o no terceiro setor\u201d. A iniciativa pretende incentivar a reflex\u00e3o sobre o papel da inova\u00e7\u00e3o social e da avalia\u00e7\u00e3o de impacto na sustentabilidade e transforma\u00e7\u00e3o das Institui\u00e7\u00f5es Particulares de Solidariedade Social (IPSS). O encontro contar\u00e1 com as interven\u00e7\u00f5es [&hellip;]<\/p>\n","protected":false},"author":1,"featured_media":1174,"comment_status":"closed","ping_status":"closed","sticky":false,"template":"","format":"standard","meta":[],"categories":[12,4],"tags":[],"_links":{"self":[{"href":"https:\/\/www.trofacanal.pt\/wphome\/wp-json\/wp\/v2\/posts\/1173"}],"collection":[{"href":"https:\/\/www.trofacanal.pt\/wphome\/wp-json\/wp\/v2\/posts"}],"about":[{"href":"https:\/\/www.trofacanal.pt\/wphome\/wp-json\/wp\/v2\/types\/post"}],"author":[{"embeddable":true,"href":"https:\/\/www.trofacanal.pt\/wphome\/wp-json\/wp\/v2\/users\/1"}],"replies":[{"embeddable":true,"href":"https:\/\/www.trofacanal.pt\/wphome\/wp-json\/wp\/v2\/comments?post=1173"}],"version-history":[{"count":1,"href":"https:\/\/www.trofacanal.pt\/wphome\/wp-json\/wp\/v2\/posts\/1173\/revisions"}],"predecessor-version":[{"id":1212,"href":"https:\/\/www.trofacanal.pt\/wphome\/wp-json\/wp\/v2\/posts\/1173\/revisions\/1212"}],"wp:featuredmedia":[{"embeddable":true,"href":"https:\/\/www.trofacanal.pt\/wphome\/wp-json\/wp\/v2\/media\/1174"}],"wp:attachment":[{"href":"https:\/\/www.trofacanal.pt\/wphome\/wp-json\/wp\/v2\/media?parent=1173"}],"wp:term":[{"taxonomy":"category","embeddable":true,"href":"https:\/\/www.trofacanal.pt\/wphome\/wp-json\/wp\/v2\/categories?post=1173"},{"taxonomy":"post_tag","embeddable":true,"href":"https:\/\/www.trofacanal.pt\/wphome\/wp-json\/wp\/v2\/tags?post=1173"}],"curies":[{"name":"wp","href":"https:\/\/api.w.org\/{rel}","templated":true}]}}